{"id":38692,"date":"2025-11-28T19:47:37","date_gmt":"2025-11-28T17:47:37","guid":{"rendered":"https:\/\/www.marcelis.be\/non-classe\/%f0%9f%8e%84-marcelis-winter-moments-decouvrez-notre-nouveau-experience-center-dans-une-ambiance-festive\/"},"modified":"2026-03-13T00:05:10","modified_gmt":"2026-03-12T22:05:10","slug":"%f0%9f%8e%84-marcelis-winter-moments-decouvrez-notre-nouveau-experience-center-dans-une-ambiance-festive","status":"publish","type":"post","link":"https:\/\/www.marcelis.be\/fr\/evenements\/%f0%9f%8e%84-marcelis-winter-moments-decouvrez-notre-nouveau-experience-center-dans-une-ambiance-festive\/","title":{"rendered":"\ud83c\udf84 Marcelis Winter Moments \u2013 D\u00e9couvrez notre nouveau Experience Center dans une ambiance festive !"},"content":{"rendered":"<div class=\"wpb-content-wrapper\"><p>[vc_row][vc_column width=\u00a0\u00bb1\/2&Prime;][vc_column_text css=\u00a0\u00bb.vc_custom_1764364928834{margin-top: 0px !important;margin-bottom: 10px !important;border-top-width: 0px !important;border-bottom-width: 0px !important;padding-top: 0px !important;padding-bottom: 0px !important;}\u00a0\u00bb]<span style=\"color: #808080;\"><a style=\"color: #808080;\" href=\"#fr\">Version fran\u00e7aise<\/a><\/span>[\/vc_column_text][vc_column_text css=\u00a0\u00bb\u00a0\u00bb font_size=\u00a0\u00bb16&Prime;]<\/p>\n<p data-start=\"535\" data-end=\"596\"><span style=\"color: #800000;\">Les f\u00eates approchent, et chez Marcelis, nous aimons les c\u00e9l\u00e9brer avec vous.<\/span><br data-start=\"359\" data-end=\"362\"><span style=\"color: #800000;\">Le <strong data-start=\"365\" data-end=\"389\">jeudi 4 d\u00e9cembre<\/strong>, nous ouvrons les portes de notre tout nouveau <strong data-start=\"430\" data-end=\"470\">Marcelis Experience Center \u00e0 Tubize<\/strong> pour une soir\u00e9e chaleureuse, inspirante et riche en d\u00e9couvertes.<\/span><\/p>\n<h2 data-start=\"535\" data-end=\"596\"><span style=\"color: #800000;\"><strong data-start=\"538\" data-end=\"596\">Une immersion au c\u0153ur de notre nouvel Experience Center<\/strong><\/span><\/h2>\n<p data-start=\"598\" data-end=\"814\"><span style=\"color: #800000;\">Lors des <strong data-start=\"606\" data-end=\"633\">Marcelis Winter Moments<\/strong>, vous d\u00e9couvrirez pour la premi\u00e8re fois notre showroom r\u00e9nov\u00e9. D\u00e8s <strong data-start=\"700\" data-end=\"707\">18h<\/strong>, notre \u00e9quipe sera ravie de vous accueillir pour une soir\u00e9e unique o\u00f9 lifestyle, inspiration et convivialit\u00e9 seront \u00e0 l\u2019honneur. <\/span><\/p>\n<p data-start=\"816\" data-end=\"933\"><span style=\"color: #800000;\">En collaboration avec des partenaires belges locaux, nous pr\u00e9sentons une s\u00e9lection de produits exceptionnels et des d\u00e9monstrations festives :<\/span><\/p>\n<h3 data-start=\"935\" data-end=\"962\"><span style=\"color: #800000;\">\u2728 \u00c0 quoi pouvez-vous vous attendre ?<\/span><\/h3>\n<ul data-start=\"963\" data-end=\"1341\">\n<li data-start=\"963\" data-end=\"1018\">\n<p data-start=\"965\" data-end=\"1018\"><span style=\"color: #800000;\">\ud83d\udd6f\ufe0f <strong data-start=\"969\" data-end=\"1016\">Bougies parfum\u00e9es et articles de d\u00e9coration int\u00e9rieure<\/strong><\/span><\/p>\n<\/li>\n<li data-start=\"1019\" data-end=\"1072\">\n<p data-start=\"1021\" data-end=\"1072\"><span style=\"color: #800000;\">\ud83c\udf92 <strong data-start=\"1024\" data-end=\"1037\">Samsonite<\/strong> \u2013 d\u00e9couvrez les derni\u00e8res valises<\/span><\/p>\n<\/li>\n<li data-start=\"1073\" data-end=\"1123\">\n<p data-start=\"1075\" data-end=\"1123\"><span style=\"color: #800000;\">\ud83d\udc8c <strong data-start=\"1078\" data-end=\"1121\">Cartes de v\u0153ux et de No\u00ebl artisanales<\/strong><\/span><\/p>\n<\/li>\n<li data-start=\"1124\" data-end=\"1183\">\n<p data-start=\"1126\" data-end=\"1183\"><span style=\"color: #800000;\">\ud83c\udf77 <strong data-start=\"1129\" data-end=\"1181\">D\u00e9gustation de vins d\u00e9licieux et de bi\u00e8res locales<\/strong><\/span><\/p>\n<\/li>\n<li data-start=\"1184\" data-end=\"1226\">\n<p data-start=\"1186\" data-end=\"1226\"><span style=\"color: #800000;\">\ud83c\udf6c <strong data-start=\"1189\" data-end=\"1224\">D\u00e9gustation de bonbons artisanaux<\/strong><\/span><\/p>\n<\/li>\n<li data-start=\"1227\" data-end=\"1306\">\n<p data-start=\"1229\" data-end=\"1306\"><span style=\"color: #800000;\">\ud83c\udf81 <strong data-start=\"1232\" data-end=\"1259\">Id\u00e9es cadeaux inspirantes<\/strong> issues de notre propre gamme et de celle de nos partenaires<\/span><\/p>\n<\/li>\n<li data-start=\"1307\" data-end=\"1341\">\n<p data-start=\"1309\" data-end=\"1341\"><span style=\"color: #800000;\">\u2026 et bien dautres surprises !<\/span><\/p>\n<\/li>\n<\/ul>\n<p data-start=\"1343\" data-end=\"1535\"><span style=\"color: #800000;\">Que vous soyez \u00e0 la recherche d\u2019un cadeau original, d\u2019inspiration pour un int\u00e9rieur festif ou que vous ayez simplement envie d\u2019une soir\u00e9e conviviale : <strong data-start=\"1476\" data-end=\"1494\">Winter Moments<\/strong> r\u00e9unit tout cela sous un m\u00eame toit.<\/span><\/p>\n<h2 data-start=\"1537\" data-end=\"1565\"><span style=\"color: #800000;\"><strong data-start=\"1540\" data-end=\"1565\">Informations pratiques<\/strong><\/span><\/h2>\n<p data-start=\"1567\" data-end=\"1679\"><span style=\"color: #800000;\">\ud83d\udcc5 <strong data-start=\"1570\" data-end=\"1594\">Jeudi 4 d\u00e9cembre<\/strong><\/span><br data-start=\"1594\" data-end=\"1597\"><span style=\"color: #800000;\">\ud83d\udccd <strong data-start=\"1600\" data-end=\"1639\">Marcelis Experience Center \u2013 Tubize<\/strong><\/span><br data-start=\"1639\" data-end=\"1642\"><a href=\"https:\/\/www.google.be\/maps\/place\/Marcelis+%7C+Smart+Office+-+School+-+Lifestyle\/@50.7100206,4.1711877,919m\/data=!3m2!1e3!4b1!4m6!3m5!1s0x47c3c85116d0038d:0xa331daf10d468a17!8m2!3d50.7100207!4d4.176064!16s%2Fg%2F1tf5cxr9!5m1!1e1?entry=ttug_ep=EgoyMDI1MTEyMy4xIKXMDSoASAFQAw%3D%3D\"><span style=\"color: #800000;\">Avenue Z\u00e9nobe Gramme 8, 1480 Tubize<\/span><\/a><\/p>\n<p data-start=\"1681\" data-end=\"1759\"><span style=\"color: #800000;\">\u23f0 <strong data-start=\"1715\" data-end=\"1757\">Winter Moments avec nos partenaires : 18h \u2013 21h<br \/>\n\u23f0 Showroom ouvert d\u00e8s 13h<br \/>\n<\/strong><\/span><\/p>\n<p data-start=\"1761\" data-end=\"1830\"><span style=\"color: #800000;\">Linscription nest pas n\u00e9cessaire \u2013 passez simplement quand cela vous convient.<\/span><\/p>\n<h2 data-start=\"1832\" data-end=\"1862\"><span style=\"color: #800000;\"><strong data-start=\"1835\" data-end=\"1862\">Nous serons ravis de vous accueillir !<\/strong><\/span><\/h2>\n<p data-start=\"1864\" data-end=\"2090\"><span style=\"color: #800000;\">Notre \u00e9quipe se r\u00e9jouit de vous accueillir personnellement lors de cette premi\u00e8re \u00e9dition de <strong data-start=\"1943\" data-end=\"1970\">Marcelis Winter Moments<\/strong>.<\/span><br data-start=\"1971\" data-end=\"1974\"><span style=\"color: #800000;\">Un d\u00e9but de f\u00eates de fin d\u2019ann\u00e9e chaleureux et convivial, et le moment id\u00e9al pour d\u00e9couvrir notre entreprise renouvel\u00e9e.<\/span><\/p>\n<p data-start=\"2092\" data-end=\"2153\"><span style=\"color: #800000;\">Salutations hivernales,<\/span><br data-start=\"2111\" data-end=\"2114\"><span style=\"color: #800000;\"><strong data-start=\"2114\" data-end=\"2135\">L\u2019\u00e9quipe Marcelis<\/strong><\/span><\/p>\n<p>[\/vc_column_text][\/vc_column][vc_column width=\u00a0\u00bb1\/2&Prime;][vc_single_image image=\u00a0\u00bb38696&Prime; img_size=\u00a0\u00bbfull\u00a0\u00bb css=\u00a0\u00bb\u00a0\u00bb][\/vc_column][\/vc_row][vc_row][vc_column][vc_empty_space][vc_row_inner][vc_column_inner width=\u00a0\u00bb1\/4&Prime;][\/vc_column_inner][vc_column_inner width=\u00a0\u00bb1\/2&Prime;]<style type=\"text\/css\" >#l_hmx0up5cwun5tiyio9z3.sc_line ,#l_hmx0up5cwun5tiyio9z3 .sc_line { height:1px; background:#767676;}#l_hmx0up5cwun5tiyio9z3.sc_line ,#l_hmx0up5cwun5tiyio9z3 .sc_line{margin-left:auto!important; margin-right:auto!important;}#l_hmx0up5cwun5tiyio9z3 {margin:0px 0 0px 0; padding:0;}<\/style><div class=\"clearfix\"><\/div><div id=\"l_hmx0up5cwun5tiyio9z3\"  class=\"sc_line rd_line_normal\" ><\/div>[\/vc_column_inner][vc_column_inner width=\u00a0\u00bb1\/4&Prime;][\/vc_column_inner][\/vc_row_inner][vc_empty_space][vc_custom_heading text=\u00a0\u00bbMarcelis Winter Moments \u2013 D\u00e9couvrez notre nouveau showroom dans une ambiance festive !\u00a0\u00bb font_container=\u00a0\u00bbtag:h1|text_align:left|color:%23540303&Prime; google_fonts=\u00a0\u00bbfont_family:Raleway%3A100%2C200%2C300%2Cregular%2C500%2C600%2C700%2C800%2C900|font_style:800%20bold%20regular%3A800%3Anormal\u00a0\u00bb css=\u00a0\u00bb\u00a0\u00bb el_id=\u00a0\u00bbfr\u00a0\u00bb][\/vc_column][\/vc_row][vc_row][vc_column width=\u00a0\u00bb1\/2&Prime;][vc_column_text css=\u00a0\u00bb\u00a0\u00bb font_size=\u00a0\u00bb16&Prime;]<\/p>\n<p data-start=\"180\" data-end=\"441\"><span style=\"color: #800000;\">Les f\u00eates approchent, et chez Marcelis, nous avons envie de les c\u00e9l\u00e9brer avec vous.<\/span><br data-start=\"263\" data-end=\"266\"><span style=\"color: #800000;\">Le <strong data-start=\"269\" data-end=\"289\">jeudi 4 d\u00e9cembre<\/strong>, nous ouvrons les portes de notre tout nouveau <strong data-start=\"337\" data-end=\"376\">Marcelis Experience Center \u00e0 Tubize<\/strong> pour une soir\u00e9e chaleureuse, inspirante et riche en d\u00e9couvertes.<\/span><\/p>\n<h2 data-start=\"443\" data-end=\"505\"><span style=\"color: #800000;\"><strong data-start=\"446\" data-end=\"505\">Une immersion au c\u0153ur de notre nouvel Experience Center<\/strong><\/span><\/h2>\n<p data-start=\"507\" data-end=\"742\"><span style=\"color: #800000;\">Lors des <strong data-start=\"516\" data-end=\"543\">Marcelis Winter Moments<\/strong>, vous aurez l\u2019occasion de d\u00e9couvrir notre showroom totalement renouvel\u00e9. D\u00e8s <strong data-start=\"621\" data-end=\"628\">18h<\/strong>, notre \u00e9quipe vous accueille pour une soir\u00e9e unique o\u00f9 lifestyle, inspiration et convivialit\u00e9 seront \u00e0 l\u2019honneur. <\/span><\/p>\n<p data-start=\"744\" data-end=\"886\"><span style=\"color: #800000;\">En collaboration avec plusieurs partenaires belges locaux, nous vous proposons une s\u00e9lection de produits exclusifs et dexp\u00e9riences festives :<\/span><\/p>\n<h3 data-start=\"888\" data-end=\"908\"><span style=\"color: #800000;\">\u2728 Au programme :<\/span><\/h3>\n<ul data-start=\"909\" data-end=\"1322\">\n<li data-start=\"909\" data-end=\"975\">\n<p data-start=\"911\" data-end=\"975\"><span style=\"color: #800000;\">\ud83d\udd6f\ufe0f <strong data-start=\"915\" data-end=\"973\">Bougies parfum\u00e9es et articles de d\u00e9coration int\u00e9rieure<\/strong><\/span><\/p>\n<\/li>\n<li data-start=\"976\" data-end=\"1045\">\n<p data-start=\"978\" data-end=\"1045\"><span style=\"color: #800000;\">\ud83c\udf92 <strong data-start=\"981\" data-end=\"994\">Samsonite<\/strong> \u2013 d\u00e9couvrez les derni\u00e8res collections de valises<\/span><\/p>\n<\/li>\n<li data-start=\"1046\" data-end=\"1094\">\n<p data-start=\"1048\" data-end=\"1094\"><span style=\"color: #800000;\">\ud83d\udc8c <strong data-start=\"1051\" data-end=\"1092\">Cartes de v\u0153ux et de No\u00ebl artisanales<\/strong><\/span><\/p>\n<\/li>\n<li data-start=\"1095\" data-end=\"1155\">\n<p data-start=\"1097\" data-end=\"1155\"><span style=\"color: #800000;\">\ud83c\udf77 <strong data-start=\"1100\" data-end=\"1153\">D\u00e9gustation de vins raffin\u00e9s et de bi\u00e8res locales<\/strong><\/span><\/p>\n<\/li>\n<li data-start=\"1156\" data-end=\"1200\">\n<p data-start=\"1158\" data-end=\"1200\"><span style=\"color: #800000;\">\ud83c\udf6c <strong data-start=\"1161\" data-end=\"1198\">D\u00e9gustation de bonbons artisanaux<\/strong><\/span><\/p>\n<\/li>\n<li data-start=\"1201\" data-end=\"1296\">\n<p data-start=\"1203\" data-end=\"1296\"><span style=\"color: #800000;\">\ud83c\udf81 <strong data-start=\"1206\" data-end=\"1235\">Id\u00e9es cadeaux inspirantes<\/strong> issues de notre assortiment et de celui de nos partenaires<\/span><\/p>\n<\/li>\n<li data-start=\"1297\" data-end=\"1322\">\n<p data-start=\"1299\" data-end=\"1322\"><span style=\"color: #800000;\">\u2026 et bien plus encore !<\/span><\/p>\n<\/li>\n<\/ul>\n<p data-start=\"1324\" data-end=\"1524\"><span style=\"color: #800000;\">Que vous soyez \u00e0 la recherche d\u2019un cadeau original, d\u2019inspiration pour votre int\u00e9rieur ou simplement d\u2019un moment agr\u00e9able, <strong data-start=\"1447\" data-end=\"1465\">Winter Moments<\/strong> est l\u2019\u00e9v\u00e9nement id\u00e9al pour entrer dans la magie des f\u00eates.<\/span><\/p>\n<h2 data-start=\"1526\" data-end=\"1555\"><span style=\"color: #800000;\"><strong data-start=\"1529\" data-end=\"1555\">Informations pratiques<\/strong><\/span><\/h2>\n<p data-start=\"1557\" data-end=\"1665\"><span style=\"color: #800000;\">\ud83d\udcc5 <strong data-start=\"1560\" data-end=\"1580\">Jeudi 4 d\u00e9cembre<\/strong><\/span><br data-start=\"1580\" data-end=\"1583\"><span style=\"color: #800000;\">\ud83d\udccd <strong data-start=\"1586\" data-end=\"1625\">Marcelis Experience Center \u2013 Tubize<\/strong><\/span><br data-start=\"1625\" data-end=\"1628\"><a href=\"https:\/\/www.google.be\/maps\/place\/Marcelis+%7C+Smart+Office+-+School+-+Lifestyle\/@50.7100206,4.1711877,919m\/data=!3m2!1e3!4b1!4m6!3m5!1s0x47c3c85116d0038d:0xa331daf10d468a17!8m2!3d50.7100207!4d4.176064!16s%2Fg%2F1tf5cxr9!5m1!1e1?entry=ttug_ep=EgoyMDI1MTEyMy4xIKXMDSoASAFQAw%3D%3D\"><span style=\"color: #800000;\">Avenue Z\u00e9nobe Gramme 8, 1480 Tubize<\/span><\/a><\/p>\n<p data-start=\"1667\" data-end=\"1757\"><span style=\"color: #800000;\">\u23f0 <strong data-start=\"1701\" data-end=\"1755\">Winter Moments avec nos partenaires : de 18h \u00e0 21h<\/strong><\/span><\/p>\n<p data-start=\"1667\" data-end=\"1757\"><span style=\"color: #800000;\">\u23f0 <strong data-start=\"1669\" data-end=\"1696\">Showroom ouvert d\u00e8s 13h<\/strong><\/span><\/p>\n<p data-start=\"1759\" data-end=\"1828\"><span style=\"color: #800000;\">Aucune inscription nest n\u00e9cessaire \u2013 venez quand cela vous convient.<\/span><\/p>\n<h2 data-start=\"1830\" data-end=\"1875\"><span style=\"color: #800000;\"><strong data-start=\"1833\" data-end=\"1875\">Nous serons ravis de vous accueillir !<\/strong><\/span><\/h2>\n<p data-start=\"1877\" data-end=\"2118\"><span style=\"color: #800000;\">Notre \u00e9quipe se r\u00e9jouit de vous recevoir personnellement pour cette premi\u00e8re \u00e9dition des <strong data-start=\"1966\" data-end=\"1993\">Marcelis Winter Moments<\/strong>.<\/span><br data-start=\"1994\" data-end=\"1997\"><span style=\"color: #800000;\">Un d\u00e9but chaleureux pour la p\u00e9riode festive, et l\u2019occasion parfaite de d\u00e9couvrir notre entreprise enti\u00e8rement renouvel\u00e9e.<\/span><\/p>\n<p data-start=\"2120\" data-end=\"2194\"><span style=\"color: #800000;\">Avec nos salutations hivernales,<\/span><br data-start=\"2152\" data-end=\"2155\"><span style=\"color: #800000;\"><strong data-start=\"2155\" data-end=\"2176\">L\u2019\u00e9quipe Marcelis<\/strong><\/span><\/p>\n<p>[\/vc_column_text][\/vc_column][vc_column width=\u00a0\u00bb1\/2&Prime;][vc_single_image image=\u00a0\u00bb38694&Prime; img_size=\u00a0\u00bbfull\u00a0\u00bb css=\u00a0\u00bb\u00a0\u00bb][\/vc_column][\/vc_row]<\/p>\n<\/div>","protected":false},"excerpt":{"rendered":"<p>[vc_row][vc_column width=\u00a0\u00bb1\/2&Prime;][vc_column_text css=\u00a0\u00bb.vc_custom_1764364928834{margin-top: 0px !important;margin-bottom: 10px !important;border-top-width: 0px !important;border-bottom-width: 0px !important;padding-top: 0px !important;padding-bottom: 0px !important;}\u00a0\u00bb]Version fran\u00e7aise[\/vc_column_text][vc_column_text css=\u00a0\u00bb\u00a0\u00bb font_size=\u00a0\u00bb16&Prime;] Les f\u00eates approchent, et chez Marcelis, nous aimons les c\u00e9l\u00e9brer avec vous.Le jeudi 4 d\u00e9cembre, nous ouvrons les portes de notre tout nouveau Marcelis Experience Center \u00e0 Tubize pour une soir\u00e9e chaleureuse, inspirante et riche en d\u00e9couvertes.<br \/><a href=\"https:\/\/www.marcelis.be\/fr\/evenements\/%f0%9f%8e%84-marcelis-winter-moments-decouvrez-notre-nouveau-experience-center-dans-une-ambiance-festive\/\" class=\"more\">Read more<\/a><\/p>\n","protected":false},"author":3,"featured_media":38695,"comment_status":"closed","ping_status":"closed","sticky":false,"template":"","format":"standard","meta":{"_monsterinsights_skip_tracking":false,"_monsterinsights_sitenote_active":false,"_monsterinsights_sitenote_note":"","_monsterinsights_sitenote_category":0,"footnotes":""},"categories":[2423,2424],"tags":[2425,2426,2448],"class_list":["post-38692","post","type-post","status-publish","format-standard","has-post-thumbnail","hentry","category-accueil-actualites","category-evenements","tag-evenement","tag-experience-center","tag-winter-moments"],"yoast_head":"<!-- This site is optimized with the Yoast SEO Premium plugin v27.5 (Yoast SEO v27.5) - https:\/\/yoast.com\/product\/yoast-seo-premium-wordpress\/ -->\n<title>Marcelis Winter Moments \u2013 \u00c9v\u00e9nement festif \u00e0 lExperience Center<\/title>\n<meta name=\"description\" content=\"D\u00e9couvrez Marcelis Winter Moments le 4 d\u00e9cembre \u00e0 Tubize. Une soir\u00e9e chaleureuse et inspirante avec des d\u00e9gustations, des id\u00e9es cadeaux et des partenaires belges.\" \/>\n<meta name=\"robots\" content=\"index, follow, max-snippet:-1, max-image-preview:large, max-video-preview:-1\" \/>\n<link rel=\"canonical\" href=\"https:\/\/www.marcelis.be\/fr\/evenements\/%f0%9f%8e%84-marcelis-winter-moments-decouvrez-notre-nouveau-experience-center-dans-une-ambiance-festive\/\" \/>\n<meta property=\"og:locale\" content=\"fr_FR\" \/>\n<meta property=\"og:type\" content=\"article\" \/>\n<meta property=\"og:title\" content=\"\ud83c\udf84 Marcelis Winter Moments \u2013 D\u00e9couvrez notre nouveau Experience Center dans une ambiance festive !\" \/>\n<meta property=\"og:description\" content=\"Version fran\u00e7aise Les f\u00eates approchent, et chez Marcelis, nous aimons les c\u00e9l\u00e9brer avec vous.Le jeudi 4 d\u00e9cembre, nous ouvrons les portes de notre tout\" \/>\n<meta property=\"og:url\" content=\"https:\/\/www.marcelis.be\/fr\/evenements\/%f0%9f%8e%84-marcelis-winter-moments-decouvrez-notre-nouveau-experience-center-dans-une-ambiance-festive\/\" \/>\n<meta property=\"og:site_name\" content=\"Marcelis\" \/>\n<meta property=\"article:publisher\" content=\"https:\/\/www.facebook.com\/MarcelisSmartOffice\/\" \/>\n<meta property=\"article:published_time\" content=\"2025-11-28T17:47:37+00:00\" \/>\n<meta property=\"article:modified_time\" content=\"2026-03-12T22:05:10+00:00\" \/>\n<meta property=\"og:image\" content=\"https:\/\/www.marcelis.be\/wp-content\/uploads\/2025\/11\/Winter-Moments-Facebook-Visual-final.jpg\" \/>\n\t<meta property=\"og:image:width\" content=\"2400\" \/>\n\t<meta property=\"og:image:height\" content=\"1500\" \/>\n\t<meta property=\"og:image:type\" content=\"image\/jpeg\" \/>\n<meta name=\"author\" content=\"Marcelis - Websitebeheer\" \/>\n<meta name=\"twitter:card\" content=\"summary_large_image\" \/>\n<meta name=\"twitter:label1\" content=\"\u00c9crit par\" \/>\n\t<meta name=\"twitter:data1\" content=\"Marcelis - Websitebeheer\" \/>\n\t<meta name=\"twitter:label2\" content=\"Dur\u00e9e de lecture estim\u00e9e\" \/>\n\t<meta name=\"twitter:data2\" content=\"4 minutes\" \/>\n<script type=\"application\/ld+json\" class=\"yoast-schema-graph\">{\"@context\":\"https:\\\/\\\/schema.org\",\"@graph\":[{\"@type\":\"Article\",\"@id\":\"https:\\\/\\\/www.marcelis.be\\\/fr\\\/evenements\\\/%f0%9f%8e%84-marcelis-winter-moments-decouvrez-notre-nouveau-experience-center-dans-une-ambiance-festive\\\/#article\",\"isPartOf\":{\"@id\":\"https:\\\/\\\/www.marcelis.be\\\/fr\\\/evenements\\\/%f0%9f%8e%84-marcelis-winter-moments-decouvrez-notre-nouveau-experience-center-dans-une-ambiance-festive\\\/\"},\"author\":{\"name\":\"Marcelis - Websitebeheer\",\"@id\":\"https:\\\/\\\/www.marcelis.be\\\/fr\\\/#\\\/schema\\\/person\\\/a840cbaab1b584055770628ece6db07b\"},\"headline\":\"\ud83c\udf84 Marcelis Winter Moments \u2013 D\u00e9couvrez notre nouveau Experience Center dans une ambiance festive !\",\"datePublished\":\"2025-11-28T17:47:37+00:00\",\"dateModified\":\"2026-03-12T22:05:10+00:00\",\"mainEntityOfPage\":{\"@id\":\"https:\\\/\\\/www.marcelis.be\\\/fr\\\/evenements\\\/%f0%9f%8e%84-marcelis-winter-moments-decouvrez-notre-nouveau-experience-center-dans-une-ambiance-festive\\\/\"},\"wordCount\":811,\"publisher\":{\"@id\":\"https:\\\/\\\/www.marcelis.be\\\/fr\\\/#organization\"},\"image\":{\"@id\":\"https:\\\/\\\/www.marcelis.be\\\/fr\\\/evenements\\\/%f0%9f%8e%84-marcelis-winter-moments-decouvrez-notre-nouveau-experience-center-dans-une-ambiance-festive\\\/#primaryimage\"},\"thumbnailUrl\":\"https:\\\/\\\/www.marcelis.be\\\/wp-content\\\/uploads\\\/2025\\\/11\\\/Winter-Moments-Facebook-Visual-final.jpg\",\"keywords\":[\"\u00e9v\u00e9nement\",\"Experience Center\",\"winter moments\"],\"articleSection\":[\"Accueil - Actualit\u00e9s\",\"\u00c9v\u00e9nements\"],\"inLanguage\":\"fr-FR\"},{\"@type\":\"WebPage\",\"@id\":\"https:\\\/\\\/www.marcelis.be\\\/fr\\\/evenements\\\/%f0%9f%8e%84-marcelis-winter-moments-decouvrez-notre-nouveau-experience-center-dans-une-ambiance-festive\\\/\",\"url\":\"https:\\\/\\\/www.marcelis.be\\\/fr\\\/evenements\\\/%f0%9f%8e%84-marcelis-winter-moments-decouvrez-notre-nouveau-experience-center-dans-une-ambiance-festive\\\/\",\"name\":\"Marcelis Winter Moments \u2013 \u00c9v\u00e9nement festif \u00e0 lExperience Center\",\"isPartOf\":{\"@id\":\"https:\\\/\\\/www.marcelis.be\\\/fr\\\/#website\"},\"primaryImageOfPage\":{\"@id\":\"https:\\\/\\\/www.marcelis.be\\\/fr\\\/evenements\\\/%f0%9f%8e%84-marcelis-winter-moments-decouvrez-notre-nouveau-experience-center-dans-une-ambiance-festive\\\/#primaryimage\"},\"image\":{\"@id\":\"https:\\\/\\\/www.marcelis.be\\\/fr\\\/evenements\\\/%f0%9f%8e%84-marcelis-winter-moments-decouvrez-notre-nouveau-experience-center-dans-une-ambiance-festive\\\/#primaryimage\"},\"thumbnailUrl\":\"https:\\\/\\\/www.marcelis.be\\\/wp-content\\\/uploads\\\/2025\\\/11\\\/Winter-Moments-Facebook-Visual-final.jpg\",\"datePublished\":\"2025-11-28T17:47:37+00:00\",\"dateModified\":\"2026-03-12T22:05:10+00:00\",\"description\":\"D\u00e9couvrez Marcelis Winter Moments le 4 d\u00e9cembre \u00e0 Tubize. Une soir\u00e9e chaleureuse et inspirante avec des d\u00e9gustations, des id\u00e9es cadeaux et des partenaires belges.\",\"breadcrumb\":{\"@id\":\"https:\\\/\\\/www.marcelis.be\\\/fr\\\/evenements\\\/%f0%9f%8e%84-marcelis-winter-moments-decouvrez-notre-nouveau-experience-center-dans-une-ambiance-festive\\\/#breadcrumb\"},\"inLanguage\":\"fr-FR\",\"potentialAction\":[{\"@type\":\"ReadAction\",\"target\":[\"https:\\\/\\\/www.marcelis.be\\\/fr\\\/evenements\\\/%f0%9f%8e%84-marcelis-winter-moments-decouvrez-notre-nouveau-experience-center-dans-une-ambiance-festive\\\/\"]}]},{\"@type\":\"ImageObject\",\"inLanguage\":\"fr-FR\",\"@id\":\"https:\\\/\\\/www.marcelis.be\\\/fr\\\/evenements\\\/%f0%9f%8e%84-marcelis-winter-moments-decouvrez-notre-nouveau-experience-center-dans-une-ambiance-festive\\\/#primaryimage\",\"url\":\"https:\\\/\\\/www.marcelis.be\\\/wp-content\\\/uploads\\\/2025\\\/11\\\/Winter-Moments-Facebook-Visual-final.jpg\",\"contentUrl\":\"https:\\\/\\\/www.marcelis.be\\\/wp-content\\\/uploads\\\/2025\\\/11\\\/Winter-Moments-Facebook-Visual-final.jpg\",\"width\":2400,\"height\":1500},{\"@type\":\"BreadcrumbList\",\"@id\":\"https:\\\/\\\/www.marcelis.be\\\/fr\\\/evenements\\\/%f0%9f%8e%84-marcelis-winter-moments-decouvrez-notre-nouveau-experience-center-dans-une-ambiance-festive\\\/#breadcrumb\",\"itemListElement\":[{\"@type\":\"ListItem\",\"position\":1,\"name\":\"Home\",\"item\":\"https:\\\/\\\/www.marcelis.be\\\/fr\\\/\"},{\"@type\":\"ListItem\",\"position\":2,\"name\":\"\ud83c\udf84 Marcelis Winter Moments \u2013 D\u00e9couvrez notre nouveau Experience Center dans une ambiance festive !\"}]},{\"@type\":\"WebSite\",\"@id\":\"https:\\\/\\\/www.marcelis.be\\\/fr\\\/#website\",\"url\":\"https:\\\/\\\/www.marcelis.be\\\/fr\\\/\",\"name\":\"Marcelis\",\"description\":\"Smart Office - School - Lifestyle\",\"publisher\":{\"@id\":\"https:\\\/\\\/www.marcelis.be\\\/fr\\\/#organization\"},\"potentialAction\":[{\"@type\":\"SearchAction\",\"target\":{\"@type\":\"EntryPoint\",\"urlTemplate\":\"https:\\\/\\\/www.marcelis.be\\\/fr\\\/?s={search_term_string}\"},\"query-input\":{\"@type\":\"PropertyValueSpecification\",\"valueRequired\":true,\"valueName\":\"search_term_string\"}}],\"inLanguage\":\"fr-FR\"},{\"@type\":\"Organization\",\"@id\":\"https:\\\/\\\/www.marcelis.be\\\/fr\\\/#organization\",\"name\":\"Marcelis\",\"url\":\"https:\\\/\\\/www.marcelis.be\\\/fr\\\/\",\"logo\":{\"@type\":\"ImageObject\",\"inLanguage\":\"fr-FR\",\"@id\":\"https:\\\/\\\/www.marcelis.be\\\/fr\\\/#\\\/schema\\\/logo\\\/image\\\/\",\"url\":\"https:\\\/\\\/www.marcelis.be\\\/wp-content\\\/uploads\\\/2017\\\/11\\\/Marcelis-Website-650-png.png\",\"contentUrl\":\"https:\\\/\\\/www.marcelis.be\\\/wp-content\\\/uploads\\\/2017\\\/11\\\/Marcelis-Website-650-png.png\",\"width\":650,\"height\":153,\"caption\":\"Marcelis\"},\"image\":{\"@id\":\"https:\\\/\\\/www.marcelis.be\\\/fr\\\/#\\\/schema\\\/logo\\\/image\\\/\"},\"sameAs\":[\"https:\\\/\\\/www.facebook.com\\\/MarcelisSmartOffice\\\/\",\"https:\\\/\\\/www.instagram.com\\\/marcelisnv\",\"https:\\\/\\\/www.youtube.com\\\/channel\\\/UC6p9qpIWR1k6OkJg5QENYfw\"]},{\"@type\":\"Person\",\"@id\":\"https:\\\/\\\/www.marcelis.be\\\/fr\\\/#\\\/schema\\\/person\\\/a840cbaab1b584055770628ece6db07b\",\"name\":\"Marcelis - Websitebeheer\",\"image\":{\"@type\":\"ImageObject\",\"inLanguage\":\"fr-FR\",\"@id\":\"https:\\\/\\\/www.marcelis.be\\\/wp-content\\\/uploads\\\/2019\\\/03\\\/website-marcelis-kopie-96x96.jpg\",\"url\":\"https:\\\/\\\/www.marcelis.be\\\/wp-content\\\/uploads\\\/2019\\\/03\\\/website-marcelis-kopie-96x96.jpg\",\"contentUrl\":\"https:\\\/\\\/www.marcelis.be\\\/wp-content\\\/uploads\\\/2019\\\/03\\\/website-marcelis-kopie-96x96.jpg\",\"caption\":\"Marcelis - Websitebeheer\"},\"url\":\"https:\\\/\\\/www.marcelis.be\\\/fr\\\/author\\\/nicolasdr\\\/\"}]}<\/script>\n<!-- \/ Yoast SEO Premium plugin. -->","yoast_head_json":{"title":"Marcelis Winter Moments \u2013 \u00c9v\u00e9nement festif \u00e0 lExperience Center","description":"D\u00e9couvrez Marcelis Winter Moments le 4 d\u00e9cembre \u00e0 Tubize. Une soir\u00e9e chaleureuse et inspirante avec des d\u00e9gustations, des id\u00e9es cadeaux et des partenaires belges.","robots":{"index":"index","follow":"follow","max-snippet":"max-snippet:-1","max-image-preview":"max-image-preview:large","max-video-preview":"max-video-preview:-1"},"canonical":"https:\/\/www.marcelis.be\/fr\/evenements\/%f0%9f%8e%84-marcelis-winter-moments-decouvrez-notre-nouveau-experience-center-dans-une-ambiance-festive\/","og_locale":"fr_FR","og_type":"article","og_title":"\ud83c\udf84 Marcelis Winter Moments \u2013 D\u00e9couvrez notre nouveau Experience Center dans une ambiance festive !","og_description":"Version fran\u00e7aise Les f\u00eates approchent, et chez Marcelis, nous aimons les c\u00e9l\u00e9brer avec vous.Le jeudi 4 d\u00e9cembre, nous ouvrons les portes de notre tout","og_url":"https:\/\/www.marcelis.be\/fr\/evenements\/%f0%9f%8e%84-marcelis-winter-moments-decouvrez-notre-nouveau-experience-center-dans-une-ambiance-festive\/","og_site_name":"Marcelis","article_publisher":"https:\/\/www.facebook.com\/MarcelisSmartOffice\/","article_published_time":"2025-11-28T17:47:37+00:00","article_modified_time":"2026-03-12T22:05:10+00:00","og_image":[{"width":2400,"height":1500,"url":"https:\/\/www.marcelis.be\/wp-content\/uploads\/2025\/11\/Winter-Moments-Facebook-Visual-final.jpg","type":"image\/jpeg"}],"author":"Marcelis - Websitebeheer","twitter_card":"summary_large_image","twitter_misc":{"\u00c9crit par":"Marcelis - Websitebeheer","Dur\u00e9e de lecture estim\u00e9e":"4 minutes"},"schema":{"@context":"https:\/\/schema.org","@graph":[{"@type":"Article","@id":"https:\/\/www.marcelis.be\/fr\/evenements\/%f0%9f%8e%84-marcelis-winter-moments-decouvrez-notre-nouveau-experience-center-dans-une-ambiance-festive\/#article","isPartOf":{"@id":"https:\/\/www.marcelis.be\/fr\/evenements\/%f0%9f%8e%84-marcelis-winter-moments-decouvrez-notre-nouveau-experience-center-dans-une-ambiance-festive\/"},"author":{"name":"Marcelis - Websitebeheer","@id":"https:\/\/www.marcelis.be\/fr\/#\/schema\/person\/a840cbaab1b584055770628ece6db07b"},"headline":"\ud83c\udf84 Marcelis Winter Moments \u2013 D\u00e9couvrez notre nouveau Experience Center dans une ambiance festive !","datePublished":"2025-11-28T17:47:37+00:00","dateModified":"2026-03-12T22:05:10+00:00","mainEntityOfPage":{"@id":"https:\/\/www.marcelis.be\/fr\/evenements\/%f0%9f%8e%84-marcelis-winter-moments-decouvrez-notre-nouveau-experience-center-dans-une-ambiance-festive\/"},"wordCount":811,"publisher":{"@id":"https:\/\/www.marcelis.be\/fr\/#organization"},"image":{"@id":"https:\/\/www.marcelis.be\/fr\/evenements\/%f0%9f%8e%84-marcelis-winter-moments-decouvrez-notre-nouveau-experience-center-dans-une-ambiance-festive\/#primaryimage"},"thumbnailUrl":"https:\/\/www.marcelis.be\/wp-content\/uploads\/2025\/11\/Winter-Moments-Facebook-Visual-final.jpg","keywords":["\u00e9v\u00e9nement","Experience Center","winter moments"],"articleSection":["Accueil - Actualit\u00e9s","\u00c9v\u00e9nements"],"inLanguage":"fr-FR"},{"@type":"WebPage","@id":"https:\/\/www.marcelis.be\/fr\/evenements\/%f0%9f%8e%84-marcelis-winter-moments-decouvrez-notre-nouveau-experience-center-dans-une-ambiance-festive\/","url":"https:\/\/www.marcelis.be\/fr\/evenements\/%f0%9f%8e%84-marcelis-winter-moments-decouvrez-notre-nouveau-experience-center-dans-une-ambiance-festive\/","name":"Marcelis Winter Moments \u2013 \u00c9v\u00e9nement festif \u00e0 lExperience Center","isPartOf":{"@id":"https:\/\/www.marcelis.be\/fr\/#website"},"primaryImageOfPage":{"@id":"https:\/\/www.marcelis.be\/fr\/evenements\/%f0%9f%8e%84-marcelis-winter-moments-decouvrez-notre-nouveau-experience-center-dans-une-ambiance-festive\/#primaryimage"},"image":{"@id":"https:\/\/www.marcelis.be\/fr\/evenements\/%f0%9f%8e%84-marcelis-winter-moments-decouvrez-notre-nouveau-experience-center-dans-une-ambiance-festive\/#primaryimage"},"thumbnailUrl":"https:\/\/www.marcelis.be\/wp-content\/uploads\/2025\/11\/Winter-Moments-Facebook-Visual-final.jpg","datePublished":"2025-11-28T17:47:37+00:00","dateModified":"2026-03-12T22:05:10+00:00","description":"D\u00e9couvrez Marcelis Winter Moments le 4 d\u00e9cembre \u00e0 Tubize. Une soir\u00e9e chaleureuse et inspirante avec des d\u00e9gustations, des id\u00e9es cadeaux et des partenaires belges.","breadcrumb":{"@id":"https:\/\/www.marcelis.be\/fr\/evenements\/%f0%9f%8e%84-marcelis-winter-moments-decouvrez-notre-nouveau-experience-center-dans-une-ambiance-festive\/#breadcrumb"},"inLanguage":"fr-FR","potentialAction":[{"@type":"ReadAction","target":["https:\/\/www.marcelis.be\/fr\/evenements\/%f0%9f%8e%84-marcelis-winter-moments-decouvrez-notre-nouveau-experience-center-dans-une-ambiance-festive\/"]}]},{"@type":"ImageObject","inLanguage":"fr-FR","@id":"https:\/\/www.marcelis.be\/fr\/evenements\/%f0%9f%8e%84-marcelis-winter-moments-decouvrez-notre-nouveau-experience-center-dans-une-ambiance-festive\/#primaryimage","url":"https:\/\/www.marcelis.be\/wp-content\/uploads\/2025\/11\/Winter-Moments-Facebook-Visual-final.jpg","contentUrl":"https:\/\/www.marcelis.be\/wp-content\/uploads\/2025\/11\/Winter-Moments-Facebook-Visual-final.jpg","width":2400,"height":1500},{"@type":"BreadcrumbList","@id":"https:\/\/www.marcelis.be\/fr\/evenements\/%f0%9f%8e%84-marcelis-winter-moments-decouvrez-notre-nouveau-experience-center-dans-une-ambiance-festive\/#breadcrumb","itemListElement":[{"@type":"ListItem","position":1,"name":"Home","item":"https:\/\/www.marcelis.be\/fr\/"},{"@type":"ListItem","position":2,"name":"\ud83c\udf84 Marcelis Winter Moments \u2013 D\u00e9couvrez notre nouveau Experience Center dans une ambiance festive !"}]},{"@type":"WebSite","@id":"https:\/\/www.marcelis.be\/fr\/#website","url":"https:\/\/www.marcelis.be\/fr\/","name":"Marcelis","description":"Smart Office - School - Lifestyle","publisher":{"@id":"https:\/\/www.marcelis.be\/fr\/#organization"},"potentialAction":[{"@type":"SearchAction","target":{"@type":"EntryPoint","urlTemplate":"https:\/\/www.marcelis.be\/fr\/?s={search_term_string}"},"query-input":{"@type":"PropertyValueSpecification","valueRequired":true,"valueName":"search_term_string"}}],"inLanguage":"fr-FR"},{"@type":"Organization","@id":"https:\/\/www.marcelis.be\/fr\/#organization","name":"Marcelis","url":"https:\/\/www.marcelis.be\/fr\/","logo":{"@type":"ImageObject","inLanguage":"fr-FR","@id":"https:\/\/www.marcelis.be\/fr\/#\/schema\/logo\/image\/","url":"https:\/\/www.marcelis.be\/wp-content\/uploads\/2017\/11\/Marcelis-Website-650-png.png","contentUrl":"https:\/\/www.marcelis.be\/wp-content\/uploads\/2017\/11\/Marcelis-Website-650-png.png","width":650,"height":153,"caption":"Marcelis"},"image":{"@id":"https:\/\/www.marcelis.be\/fr\/#\/schema\/logo\/image\/"},"sameAs":["https:\/\/www.facebook.com\/MarcelisSmartOffice\/","https:\/\/www.instagram.com\/marcelisnv","https:\/\/www.youtube.com\/channel\/UC6p9qpIWR1k6OkJg5QENYfw"]},{"@type":"Person","@id":"https:\/\/www.marcelis.be\/fr\/#\/schema\/person\/a840cbaab1b584055770628ece6db07b","name":"Marcelis - Websitebeheer","image":{"@type":"ImageObject","inLanguage":"fr-FR","@id":"https:\/\/www.marcelis.be\/wp-content\/uploads\/2019\/03\/website-marcelis-kopie-96x96.jpg","url":"https:\/\/www.marcelis.be\/wp-content\/uploads\/2019\/03\/website-marcelis-kopie-96x96.jpg","contentUrl":"https:\/\/www.marcelis.be\/wp-content\/uploads\/2019\/03\/website-marcelis-kopie-96x96.jpg","caption":"Marcelis - Websitebeheer"},"url":"https:\/\/www.marcelis.be\/fr\/author\/nicolasdr\/"}]}},"_links":{"self":[{"href":"https:\/\/www.marcelis.be\/fr\/wp-json\/wp\/v2\/posts\/38692","targetHints":{"allow":["GET"]}}],"collection":[{"href":"https:\/\/www.marcelis.be\/fr\/wp-json\/wp\/v2\/posts"}],"about":[{"href":"https:\/\/www.marcelis.be\/fr\/wp-json\/wp\/v2\/types\/post"}],"author":[{"embeddable":true,"href":"https:\/\/www.marcelis.be\/fr\/wp-json\/wp\/v2\/users\/3"}],"replies":[{"embeddable":true,"href":"https:\/\/www.marcelis.be\/fr\/wp-json\/wp\/v2\/comments?post=38692"}],"version-history":[{"count":2,"href":"https:\/\/www.marcelis.be\/fr\/wp-json\/wp\/v2\/posts\/38692\/revisions"}],"predecessor-version":[{"id":38701,"href":"https:\/\/www.marcelis.be\/fr\/wp-json\/wp\/v2\/posts\/38692\/revisions\/38701"}],"wp:featuredmedia":[{"embeddable":true,"href":"https:\/\/www.marcelis.be\/fr\/wp-json\/wp\/v2\/media\/38695"}],"wp:attachment":[{"href":"https:\/\/www.marcelis.be\/fr\/wp-json\/wp\/v2\/media?parent=38692"}],"wp:term":[{"taxonomy":"category","embeddable":true,"href":"https:\/\/www.marcelis.be\/fr\/wp-json\/wp\/v2\/categories?post=38692"},{"taxonomy":"post_tag","embeddable":true,"href":"https:\/\/www.marcelis.be\/fr\/wp-json\/wp\/v2\/tags?post=38692"}],"curies":[{"name":"wp","href":"https:\/\/api.w.org\/{rel}","templated":true}]}}